{"id":31847,"date":"2023-12-06T13:34:12","date_gmt":"2023-12-06T16:34:12","guid":{"rendered":"https:\/\/conexia.com\/blog\/?p=31847"},"modified":"2023-12-06T20:28:53","modified_gmt":"2023-12-06T23:28:53","slug":"como-equilibramos-la-vida-laboral-y-personal-de-nuestros-colaboradores","status":"publish","type":"post","link":"https:\/\/conexia.com\/blog\/como-equilibramos-la-vida-laboral-y-personal-de-nuestros-colaboradores\/","title":{"rendered":"\u00bfC\u00f3mo equilibramos la vida laboral y personal de nuestros colaboradores?"},"content":{"rendered":"\t\t<div data-elementor-type=\"wp-post\" data-elementor-id=\"31847\" class=\"elementor elementor-31847\" data-elementor-post-type=\"post\">\n\t\t\t\t\t\t<section class=\"elementor-section elementor-top-section elementor-element elementor-element-41e2eb3d elementor-section-boxed elementor-section-height-default elementor-section-height-default\" data-id=\"41e2eb3d\" data-element_type=\"section\" data-e-type=\"section\">\n\t\t\t\t\t\t<div class=\"elementor-container elementor-column-gap-default\">\n\t\t\t\t\t<div class=\"elementor-column elementor-col-100 elementor-top-column elementor-element elementor-element-6c157f2f\" data-id=\"6c157f2f\" data-element_type=\"column\" data-e-type=\"column\">\n\t\t\t<div class=\"elementor-widget-wrap elementor-element-populated\">\n\t\t\t\t\t\t<div class=\"elementor-element elementor-element-3844ef6 elementor-widget elementor-widget-text-editor\" data-id=\"3844ef6\" data-element_type=\"widget\" data-e-type=\"widget\" data-widget_type=\"text-editor.default\">\n\t\t\t\t<div class=\"elementor-widget-container\">\n\t\t\t\t\t\t\t\t\t<p><\/p>\n<p>En Conexia, la <strong>flexibilidad laboral <\/strong>no es solo una opci\u00f3n con la que cuentan nuestros colaboradores. Es un <strong>principio fundamental e irrenunciable de la compa\u00f1\u00eda<\/strong> que forma parte de nuestro ADN corporativo.<\/p>\n<p><\/p>\n<p>Creemos que este equilibrio es esencial para el bienestar de nuestros equipos y, como consecuencia natural de esa satisfacci\u00f3n laboral que genera, tambi\u00e9n para el \u00e9xito de la compa\u00f1\u00eda. <strong>Una de las integrantes de nuestro equipo, <a href=\"https:\/\/youtu.be\/teJsyL4EkPQ?si=2-Q3Ov-IQnLPLfWS\">Rocio Buda<\/a>, es un claro ejemplo de esto<\/strong>. Con ella conversamos sobre su experiencia, el valor del beneficio de capacitaci\u00f3n y la importancia que ella le da al trabajo remoto en Conexia.<\/p>\n<p><\/p>\n<p><\/p>\n<p>Para conocer m\u00e1s <strong>sobre c\u00f3mo en <a href=\"https:\/\/conexia.com\/es\/nosotros\/\">Conexia<\/a> implementamos la flexibilidad laboral y los beneficios que esta aporta<\/strong> a nuestros colaboradores, continuamos trabajando este tema.<\/p>\n<p><\/p>\n<h2 class=\"wp-block-heading\"><strong>\u00bfQu\u00e9 es la flexibilidad laboral?<\/strong><\/h2>\n<p><\/p>\n<p>La flexibilidad laboral es un modelo de trabajo que permite a nuestros equipos <strong>adaptar sus horarios y la ubicaci\u00f3n desde la cual se desempe\u00f1an, de acuerdo a sus necesidades personales<\/strong>. Esto puede incluir la posibilidad de trabajar desde casa u otra locaci\u00f3n, ajustar horarios, o tomarse d\u00edas libres adicionales.<\/p>\n<p><\/p>\n<p>Se trata de un enfoque que busca permitir una mayor libertad y adaptabilidad, tanto para los empleadores como para los diferentes equipos de trabajo. Implica asimismo, <strong>fomentar la productividad<\/strong> a trav\u00e9s del bienestar laboral, satisfaciendo las necesidades individuales y corporativas.<\/p>\n<p><\/p>\n<h2 class=\"wp-block-heading\"><strong>Importancia del equilibrio entre la vida laboral y personal<\/strong><\/h2>\n<p><\/p>\n<figure class=\"wp-block-image size-large\"><img fetchpriority=\"high\" decoding=\"async\" width=\"1024\" height=\"576\" class=\"wp-image-31850\" src=\"https:\/\/conexia.com\/blog\/wp-content\/uploads\/2023\/12\/8-1024x576.jpg\" alt=\"\" srcset=\"https:\/\/conexia.com\/blog\/wp-content\/uploads\/2023\/12\/8-1024x576.jpg 1024w, https:\/\/conexia.com\/blog\/wp-content\/uploads\/2023\/12\/8-300x169.jpg 300w, https:\/\/conexia.com\/blog\/wp-content\/uploads\/2023\/12\/8-768x432.jpg 768w, https:\/\/conexia.com\/blog\/wp-content\/uploads\/2023\/12\/8-1536x864.jpg 1536w, https:\/\/conexia.com\/blog\/wp-content\/uploads\/2023\/12\/8.jpg 1920w\" sizes=\"(max-width: 1024px) 100vw, 1024px\" \/><\/figure>\n<p><\/p>\n<p>En un mundo donde la tecnolog\u00eda hace posible que las personas est\u00e9n siempre conectadas, <strong>el equilibrio entre trabajo y vida se vuelve un factor cada vez m\u00e1s cr\u00edtico de atender, pero al mismo tiempo, posible de cumplir<\/strong>.<\/p>\n<p><\/p>\n<p>En Conexia, entendemos que nuestros colaboradores tienen una vida fuera del trabajo, y estamos comprometidos en asegurar que puedan<strong> dedicar tiempo a su vida personal, familiar, social, e intereses y actividades extralaborales.\u00a0<\/strong><\/p>\n<p><\/p>\n<p>Venimos transformando hace m\u00e1s de 27 a\u00f1os la perspectiva de la salud al ofrecer soluciones integradas que simplifican procesos, reducen costos financieros, automatizan operaciones y facilitan la conexi\u00f3n entre todos los actores dentro de la industria sanitaria.<\/p>\n<p><\/p>\n<p>Y justamente, desarrollar pol\u00edticas de flexibilidad laboral, contribuye a que nuestros colaboradores puedan <strong>mantener y cuidar su salud emocional y f\u00edsica.<\/strong><\/p>\n<p><\/p>\n<h2 class=\"wp-block-heading\"><strong><strong>Compromiso con el bienestar de la comunidad y del individuo<\/strong><\/strong><\/h2>\n<p><\/p>\n<p>Reconocemos que nuestro papel en la sociedad es sumamente relevante y contribuimos de manera significativa al bienestar colectivo de nuestros colaboradores, fomentando una<a href=\"https:\/\/conexia.com\/blog\/voces-de-conexia-una-vision-desde-nuestro-equipo-de-colaboradores\/\"> cultura laboral excepcional<\/a>.\u00a0<\/p>\n<p><\/p>\n<p>Un testimonio palpable de nuestro compromiso es nuestra<a href=\"https:\/\/conexia.com\/blog\/conexia-es-empresa-b-certificada\/\"> certificaci\u00f3n como Empresa B.<\/a><\/p>\n<p><\/p>\n<p>En Conexia, creemos firmemente en la importancia de adoptar un <strong>comportamiento responsable con el entorno. <\/strong>Aspiramos a generar un impacto positivo en la comunidad y a implementar un modelo de negocio que deje una huella ben\u00e9fica en las personas y en el medio ambiente.<\/p>\n<p><\/p>\n<p><strong>Nos enorgullece ser una Empresa B<\/strong>, respaldando y promoviendo, desde nuestra Misi\u00f3n, Visi\u00f3n y Valores, iniciativas y acciones alineadas con la promoci\u00f3n de una ciudadan\u00eda responsable y un entorno saludable.<\/p>\n<p><\/p>\n<p><strong>\u00bfC\u00f3mo lo hacemos?<\/strong><\/p>\n<p><\/p>\n<figure class=\"wp-block-image size-large\"><img decoding=\"async\" width=\"1024\" height=\"576\" class=\"wp-image-31853\" src=\"https:\/\/conexia.com\/blog\/wp-content\/uploads\/2023\/12\/5-1024x576.jpg\" alt=\"\" srcset=\"https:\/\/conexia.com\/blog\/wp-content\/uploads\/2023\/12\/5-1024x576.jpg 1024w, https:\/\/conexia.com\/blog\/wp-content\/uploads\/2023\/12\/5-300x169.jpg 300w, https:\/\/conexia.com\/blog\/wp-content\/uploads\/2023\/12\/5-768x432.jpg 768w, https:\/\/conexia.com\/blog\/wp-content\/uploads\/2023\/12\/5-1536x864.jpg 1536w, https:\/\/conexia.com\/blog\/wp-content\/uploads\/2023\/12\/5.jpg 1920w\" sizes=\"(max-width: 1024px) 100vw, 1024px\" \/><\/figure>\n<p><\/p>\n<p>En Conexia, implementamos la flexibilidad laboral a trav\u00e9s de cuatro beneficios clave:<\/p>\n<p><\/p>\n<div class=\"wp-block-group\"><div class=\"wp-block-group__inner-container is-layout-constrained wp-block-group-is-layout-constrained\">\n<p><\/p>\n<p>1. Modalidad remota y D\u00eda O<\/p>\n<p><\/p>\n<p>2. Beneficio &#8220;Viernes Flex&#8221; durante el verano<\/p>\n<p><\/p>\n<p>3. Horario flexible<\/p>\n<p><\/p>\n<p>4. Semana extra<\/p>\n<p><\/p>\n<\/div><\/div>\n<p><\/p>\n<p>Analicemos a cada uno de ellos con mayor detalle:<\/p>\n<p><\/p>\n<p><strong>Beneficio 1: Modalidad remota y D\u00eda O<\/strong><\/p>\n<p><\/p>\n<p>La mayor\u00eda de nuestros colaboradores tienen la libertad de trabajar desde la comodidad de sus hogares. Sin embargo, reconocemos que la interacci\u00f3n en persona es esencial para fomentar la colaboraci\u00f3n y la sinergia del equipo.<\/p>\n<p><\/p>\n<p>Por eso, una vez al mes se programa un encuentro en nuestras oficinas de Buenos Aires y Bogot\u00e1, as\u00ed como espacios de coworking para quienes trabajan en otras ciudades. A ese encuentro presencial lo llamamos<strong> D\u00eda O<\/strong>, como nos comenta Rocio Buda de Marketing de Conexia Argentina:<\/p>\n<p><\/p>\n<p>\u201c<em>Me encantan los D\u00edas O porque puedo interactuar con mi equipo y compartir ideas que no surgir\u00edan virtualmente. Normalmente almorzamos juntos y nos permite conocernos m\u00e1s\u201d.\u00a0<\/em><\/p>\n<p><\/p>\n<p><strong>Beneficio 2.\u00a0 &#8220;Viernes Flex&#8221; durante el Verano<\/strong><\/p>\n<p><\/p>\n<p>Durante los <strong>meses de diciembre, enero y febrero, nuestros colaboradores inician su jornada laboral una hora m\u00e1s tarde y finalizan una hora antes.<\/strong><\/p>\n<p><\/p>\n<p>Esta iniciativa que se implementa los d\u00edas viernes, tiene como objetivo permitirles disfrutar al m\u00e1ximo de la temporada de verano, pasar m\u00e1s tiempo al aire libre, disfrutar de diversos momentos con sus seres queridos, y aprovechar al m\u00e1ximo su fin de semana.<\/p>\n<p><\/p>\n<p><strong>Beneficio 3. Horario flexible<\/strong><\/p>\n<p><\/p>\n<p>Diariamente, <strong>nuestros colaboradores pueden optar por iniciar su jornada entre 8am y 9am<\/strong> y finalizar entre 5pm y 6 pm, si inician 8 am finalizan 5 pm y si inician 9 am a las 6 pm.\u00a0<\/p>\n<p><\/p>\n<p>Este tipo de flexibilidad permite a los equipos coordinar sus agendas de acuerdo a los horarios de cada pa\u00eds (teniendo en cuenta que estamos operando regionalmente en diferentes husos horarios), para poder gestionar puntos de encuentro comunes.<\/p>\n<p><\/p>\n<p><strong>Beneficio 4. Semana extra<\/strong><\/p>\n<p><\/p>\n<p>Durante el mes de diciembre, los colaboradores de Conexia tienen la posibilidad de <strong>elegir la semana de Navidad o la de A\u00f1o Nuevo, para tomarla en su totalidad y dedicar ese tiempo para estar en familia.<\/strong><\/p>\n<p><\/p>\n<p>Nuestros equipos llegan con un alto cansancio a fin de a\u00f1o y nos parece clave brindar este espacio para descansar y volver con las mejores energ\u00edas al a\u00f1o siguiente.\u00a0<\/p>\n<p><\/p>\n<p><strong>4 beneficios clave que aporta la flexibilidad laboral<\/strong><\/p>\n<p><\/p>\n<figure class=\"wp-block-image size-large\"><img decoding=\"async\" width=\"1024\" height=\"576\" class=\"wp-image-31855\" src=\"https:\/\/conexia.com\/blog\/wp-content\/uploads\/2023\/12\/3-1-1024x576.jpg\" alt=\"\" srcset=\"https:\/\/conexia.com\/blog\/wp-content\/uploads\/2023\/12\/3-1-1024x576.jpg 1024w, https:\/\/conexia.com\/blog\/wp-content\/uploads\/2023\/12\/3-1-300x169.jpg 300w, https:\/\/conexia.com\/blog\/wp-content\/uploads\/2023\/12\/3-1-768x432.jpg 768w, https:\/\/conexia.com\/blog\/wp-content\/uploads\/2023\/12\/3-1-1536x864.jpg 1536w, https:\/\/conexia.com\/blog\/wp-content\/uploads\/2023\/12\/3-1.jpg 1920w\" sizes=\"(max-width: 1024px) 100vw, 1024px\" \/><\/figure>\n<p><\/p>\n<p>La flexibilidad laboral ofrece cuatro beneficios claves a nuestro equipo:<\/p>\n<p><\/p>\n<ul class=\"wp-block-list\">\n<li style=\"list-style-type: none;\">\n<ul><\/ul>\n<\/li>\n<\/ul>\n<p>\u00a0<\/p>\n<ul>\n<li style=\"list-style-type: none;\">\n<ul>\n<li>Mejora el equilibrio entre la vida laboral y personal<\/li>\n<\/ul>\n<\/li>\n<\/ul>\n<p><\/p>\n<ul>\n<li style=\"list-style-type: none;\">\n<ul>\n<li>Reduce el estr\u00e9s y el agotamiento<\/li>\n<\/ul>\n<\/li>\n<\/ul>\n<p><\/p>\n<ul>\n<li style=\"list-style-type: none;\">\n<ul>\n<li>Aumenta la satisfacci\u00f3n laboral<\/li>\n<\/ul>\n<\/li>\n<\/ul>\n<p><\/p>\n<ul>\n<li style=\"list-style-type: none;\">\n<ul>\n<li>Favorece la productividad<\/li>\n<\/ul>\n<\/li>\n<\/ul>\n<p><\/p>\n<p><\/p>\n<p>Como explicamos al comienzo de este art\u00edculo, en Conexia, creemos que la flexibilidad laboral es una herramienta clave para crear un<strong> entorno de trabajo saludable y productivo<\/strong>.\u00a0<\/p>\n<p><\/p>\n<p>Es por ello que nuestro compromiso continuar\u00e1 enfoc\u00e1ndose en fomentar la<strong> flexibilidad laboral para nuestros colaboradores, para que puedan alcanzar el equilibrio entre la vida laboral y personal, y ser m\u00e1s felices y productivos.<\/strong><\/p>\n<p><\/p>\n<p>Si tiene inter\u00e9s en conocer m\u00e1s sobre las oportunidades laborales que tiene abiertas Conexia y ser parte de un equipo l\u00edder en procesos de transformaci\u00f3n digital en salud, visite nuestra<a href=\"https:\/\/conexia.com\/es\/empleos\/\"> Secci\u00f3n Empleos<\/a>.\u00a0<\/p>\n<p><\/p>\t\t\t\t\t\t\t\t<\/div>\n\t\t\t\t<\/div>\n\t\t\t\t\t<\/div>\n\t\t<\/div>\n\t\t\t\t\t<\/div>\n\t\t<\/section>\n\t\t\t\t<\/div>\n\t\t","protected":false},"excerpt":{"rendered":"<p>La ciencia de datos en salud desempe\u00f1a un papel fundamental en la transformaci\u00f3n digital del sector, al mejorar las capacidades predictivas de patolog\u00edas complejas, la precisi\u00f3n en el diagn\u00f3stico y la efectividad de los tratamientos. Conozca c\u00f3mo.<\/p>\n","protected":false},"author":2,"featured_media":31849,"comment_status":"open","ping_status":"open","sticky":false,"template":"","format":"standard","meta":{"_bbp_topic_count":0,"_bbp_reply_count":0,"_bbp_total_topic_count":0,"_bbp_total_reply_count":0,"_bbp_voice_count":0,"_bbp_anonymous_reply_count":0,"_bbp_topic_count_hidden":0,"_bbp_reply_count_hidden":0,"_bbp_forum_subforum_count":0,"footnotes":""},"categories":[70,71],"tags":[98,97],"class_list":["post-31847","post","type-post","status-publish","format-standard","has-post-thumbnail","hentry","category-branding","category-business","tag-balance-vida-trabajo","tag-beneficios-conexia"],"yoast_head":"<!-- This site is optimized with the Yoast SEO plugin v22.1 - https:\/\/yoast.com\/wordpress\/plugins\/seo\/ -->\n<title>Ciencia de datos en salud: c\u00f3mo impacta en los procesos<\/title>\n<meta name=\"description\" content=\"Conozca el papel fundamental que desempe\u00f1a la ciencia de datos en salud en la precisi\u00f3n de los diagn\u00f3sticos y la efectividad de tratamientos.\" \/>\n<meta name=\"robots\" content=\"index, follow, max-snippet:-1, max-image-preview:large, max-video-preview:-1\" \/>\n<link rel=\"canonical\" href=\"https:\/\/conexia.com\/blog\/como-equilibramos-la-vida-laboral-y-personal-de-nuestros-colaboradores\/\" \/>\n<meta property=\"og:locale\" content=\"es_ES\" \/>\n<meta property=\"og:type\" content=\"article\" \/>\n<meta property=\"og:title\" content=\"Ciencia de datos en salud: c\u00f3mo impacta en los procesos\" \/>\n<meta property=\"og:description\" content=\"Conozca el papel fundamental que desempe\u00f1a la ciencia de datos en salud en la precisi\u00f3n de los diagn\u00f3sticos y la efectividad de tratamientos.\" \/>\n<meta property=\"og:url\" content=\"https:\/\/conexia.com\/blog\/como-equilibramos-la-vida-laboral-y-personal-de-nuestros-colaboradores\/\" \/>\n<meta property=\"og:site_name\" content=\"Conexia - Blog\" \/>\n<meta property=\"article:publisher\" content=\"https:\/\/www.facebook.com\/ConexiaOK\" \/>\n<meta property=\"article:published_time\" content=\"2023-12-06T16:34:12+00:00\" \/>\n<meta property=\"article:modified_time\" content=\"2023-12-06T23:28:53+00:00\" \/>\n<meta property=\"og:image\" content=\"https:\/\/conexia.com\/blog\/wp-content\/uploads\/2023\/12\/Feature_1.jpg\" \/>\n\t<meta property=\"og:image:width\" content=\"1600\" \/>\n\t<meta property=\"og:image:height\" content=\"1060\" \/>\n\t<meta property=\"og:image:type\" content=\"image\/jpeg\" \/>\n<meta name=\"author\" content=\"Sol Morena\" \/>\n<meta name=\"twitter:card\" content=\"summary_large_image\" \/>\n<meta name=\"twitter:creator\" content=\"@conexia_ok\" \/>\n<meta name=\"twitter:site\" content=\"@conexia_ok\" \/>\n<meta name=\"twitter:label1\" content=\"Escrito por\" \/>\n\t<meta name=\"twitter:data1\" content=\"Sol Morena\" \/>\n\t<meta name=\"twitter:label2\" content=\"Tiempo de lectura\" \/>\n\t<meta name=\"twitter:data2\" content=\"6 minutos\" \/>\n<script type=\"application\/ld+json\" class=\"yoast-schema-graph\">{\"@context\":\"https:\/\/schema.org\",\"@graph\":[{\"@type\":\"Article\",\"@id\":\"https:\/\/conexia.com\/blog\/como-equilibramos-la-vida-laboral-y-personal-de-nuestros-colaboradores\/#article\",\"isPartOf\":{\"@id\":\"https:\/\/conexia.com\/blog\/como-equilibramos-la-vida-laboral-y-personal-de-nuestros-colaboradores\/\"},\"author\":{\"name\":\"Sol Morena\",\"@id\":\"https:\/\/conexia.com\/blog\/#\/schema\/person\/1654fe9dda4be71a3e38b265e6f8fbca\"},\"headline\":\"\u00bfC\u00f3mo equilibramos la vida laboral y personal de nuestros colaboradores?\",\"datePublished\":\"2023-12-06T16:34:12+00:00\",\"dateModified\":\"2023-12-06T23:28:53+00:00\",\"mainEntityOfPage\":{\"@id\":\"https:\/\/conexia.com\/blog\/como-equilibramos-la-vida-laboral-y-personal-de-nuestros-colaboradores\/\"},\"wordCount\":1050,\"commentCount\":0,\"publisher\":{\"@id\":\"https:\/\/conexia.com\/blog\/#organization\"},\"keywords\":[\"Balance Vida Trabajo\",\"Beneficios Conexia\"],\"articleSection\":[\"Branding\",\"Business\"],\"inLanguage\":\"es-AR\",\"potentialAction\":[{\"@type\":\"CommentAction\",\"name\":\"Comment\",\"target\":[\"https:\/\/conexia.com\/blog\/como-equilibramos-la-vida-laboral-y-personal-de-nuestros-colaboradores\/#respond\"]}]},{\"@type\":\"WebPage\",\"@id\":\"https:\/\/conexia.com\/blog\/como-equilibramos-la-vida-laboral-y-personal-de-nuestros-colaboradores\/\",\"url\":\"https:\/\/conexia.com\/blog\/como-equilibramos-la-vida-laboral-y-personal-de-nuestros-colaboradores\/\",\"name\":\"Ciencia de datos en salud: c\u00f3mo impacta en los procesos\",\"isPartOf\":{\"@id\":\"https:\/\/conexia.com\/blog\/#website\"},\"datePublished\":\"2023-12-06T16:34:12+00:00\",\"dateModified\":\"2023-12-06T23:28:53+00:00\",\"description\":\"Conozca el papel fundamental que desempe\u00f1a la ciencia de datos en salud en la precisi\u00f3n de los diagn\u00f3sticos y la efectividad de tratamientos.\",\"breadcrumb\":{\"@id\":\"https:\/\/conexia.com\/blog\/como-equilibramos-la-vida-laboral-y-personal-de-nuestros-colaboradores\/#breadcrumb\"},\"inLanguage\":\"es-AR\",\"potentialAction\":[{\"@type\":\"ReadAction\",\"target\":[\"https:\/\/conexia.com\/blog\/como-equilibramos-la-vida-laboral-y-personal-de-nuestros-colaboradores\/\"]}]},{\"@type\":\"BreadcrumbList\",\"@id\":\"https:\/\/conexia.com\/blog\/como-equilibramos-la-vida-laboral-y-personal-de-nuestros-colaboradores\/#breadcrumb\",\"itemListElement\":[{\"@type\":\"ListItem\",\"position\":1,\"name\":\"Inicio\",\"item\":\"https:\/\/conexia.com\/blog\/\"},{\"@type\":\"ListItem\",\"position\":2,\"name\":\"\u00bfC\u00f3mo equilibramos la vida laboral y personal de nuestros colaboradores?\"}]},{\"@type\":\"WebSite\",\"@id\":\"https:\/\/conexia.com\/blog\/#website\",\"url\":\"https:\/\/conexia.com\/blog\/\",\"name\":\"Conexia - Blog\",\"description\":\"\",\"publisher\":{\"@id\":\"https:\/\/conexia.com\/blog\/#organization\"},\"potentialAction\":[{\"@type\":\"SearchAction\",\"target\":{\"@type\":\"EntryPoint\",\"urlTemplate\":\"https:\/\/conexia.com\/blog\/?s={search_term_string}\"},\"query-input\":\"required name=search_term_string\"}],\"inLanguage\":\"es-AR\"},{\"@type\":\"Organization\",\"@id\":\"https:\/\/conexia.com\/blog\/#organization\",\"name\":\"Conexia - Blog\",\"url\":\"https:\/\/conexia.com\/blog\/\",\"logo\":{\"@type\":\"ImageObject\",\"inLanguage\":\"es-AR\",\"@id\":\"https:\/\/conexia.com\/blog\/#\/schema\/logo\/image\/\",\"url\":\"https:\/\/conexia.com\/blog\/wp-content\/uploads\/2024\/03\/Sin-titulo-4-04.png\",\"contentUrl\":\"https:\/\/conexia.com\/blog\/wp-content\/uploads\/2024\/03\/Sin-titulo-4-04.png\",\"width\":2001,\"height\":2001,\"caption\":\"Conexia - Blog\"},\"image\":{\"@id\":\"https:\/\/conexia.com\/blog\/#\/schema\/logo\/image\/\"},\"sameAs\":[\"https:\/\/www.facebook.com\/ConexiaOK\",\"https:\/\/twitter.com\/conexia_ok\",\"https:\/\/www.instagram.com\/conexiaok\/\",\"https:\/\/www.youtube.com\/c\/ConexiaOK\",\"https:\/\/www.linkedin.com\/company\/conexiaok\/\"]},{\"@type\":\"Person\",\"@id\":\"https:\/\/conexia.com\/blog\/#\/schema\/person\/1654fe9dda4be71a3e38b265e6f8fbca\",\"name\":\"Sol Morena\",\"image\":{\"@type\":\"ImageObject\",\"inLanguage\":\"es-AR\",\"@id\":\"https:\/\/conexia.com\/blog\/#\/schema\/person\/image\/\",\"url\":\"https:\/\/secure.gravatar.com\/avatar\/7e280e6321ee38f6e9449c73c9ea7c64cd5f510c1164ba065a8334d15d5c921b?s=96&d=mm&r=g\",\"contentUrl\":\"https:\/\/secure.gravatar.com\/avatar\/7e280e6321ee38f6e9449c73c9ea7c64cd5f510c1164ba065a8334d15d5c921b?s=96&d=mm&r=g\",\"caption\":\"Sol Morena\"},\"url\":\"https:\/\/conexia.com\/blog\/author\/smorena\/\"}]}<\/script>\n<!-- \/ Yoast SEO plugin. -->","yoast_head_json":{"title":"Ciencia de datos en salud: c\u00f3mo impacta en los procesos","description":"Conozca el papel fundamental que desempe\u00f1a la ciencia de datos en salud en la precisi\u00f3n de los diagn\u00f3sticos y la efectividad de tratamientos.","robots":{"index":"index","follow":"follow","max-snippet":"max-snippet:-1","max-image-preview":"max-image-preview:large","max-video-preview":"max-video-preview:-1"},"canonical":"https:\/\/conexia.com\/blog\/como-equilibramos-la-vida-laboral-y-personal-de-nuestros-colaboradores\/","og_locale":"es_ES","og_type":"article","og_title":"Ciencia de datos en salud: c\u00f3mo impacta en los procesos","og_description":"Conozca el papel fundamental que desempe\u00f1a la ciencia de datos en salud en la precisi\u00f3n de los diagn\u00f3sticos y la efectividad de tratamientos.","og_url":"https:\/\/conexia.com\/blog\/como-equilibramos-la-vida-laboral-y-personal-de-nuestros-colaboradores\/","og_site_name":"Conexia - Blog","article_publisher":"https:\/\/www.facebook.com\/ConexiaOK","article_published_time":"2023-12-06T16:34:12+00:00","article_modified_time":"2023-12-06T23:28:53+00:00","og_image":[{"width":1600,"height":1060,"url":"https:\/\/conexia.com\/blog\/wp-content\/uploads\/2023\/12\/Feature_1.jpg","type":"image\/jpeg"}],"author":"Sol Morena","twitter_card":"summary_large_image","twitter_creator":"@conexia_ok","twitter_site":"@conexia_ok","twitter_misc":{"Escrito por":"Sol Morena","Tiempo de lectura":"6 minutos"},"schema":{"@context":"https:\/\/schema.org","@graph":[{"@type":"Article","@id":"https:\/\/conexia.com\/blog\/como-equilibramos-la-vida-laboral-y-personal-de-nuestros-colaboradores\/#article","isPartOf":{"@id":"https:\/\/conexia.com\/blog\/como-equilibramos-la-vida-laboral-y-personal-de-nuestros-colaboradores\/"},"author":{"name":"Sol Morena","@id":"https:\/\/conexia.com\/blog\/#\/schema\/person\/1654fe9dda4be71a3e38b265e6f8fbca"},"headline":"\u00bfC\u00f3mo equilibramos la vida laboral y personal de nuestros colaboradores?","datePublished":"2023-12-06T16:34:12+00:00","dateModified":"2023-12-06T23:28:53+00:00","mainEntityOfPage":{"@id":"https:\/\/conexia.com\/blog\/como-equilibramos-la-vida-laboral-y-personal-de-nuestros-colaboradores\/"},"wordCount":1050,"commentCount":0,"publisher":{"@id":"https:\/\/conexia.com\/blog\/#organization"},"keywords":["Balance Vida Trabajo","Beneficios Conexia"],"articleSection":["Branding","Business"],"inLanguage":"es-AR","potentialAction":[{"@type":"CommentAction","name":"Comment","target":["https:\/\/conexia.com\/blog\/como-equilibramos-la-vida-laboral-y-personal-de-nuestros-colaboradores\/#respond"]}]},{"@type":"WebPage","@id":"https:\/\/conexia.com\/blog\/como-equilibramos-la-vida-laboral-y-personal-de-nuestros-colaboradores\/","url":"https:\/\/conexia.com\/blog\/como-equilibramos-la-vida-laboral-y-personal-de-nuestros-colaboradores\/","name":"Ciencia de datos en salud: c\u00f3mo impacta en los procesos","isPartOf":{"@id":"https:\/\/conexia.com\/blog\/#website"},"datePublished":"2023-12-06T16:34:12+00:00","dateModified":"2023-12-06T23:28:53+00:00","description":"Conozca el papel fundamental que desempe\u00f1a la ciencia de datos en salud en la precisi\u00f3n de los diagn\u00f3sticos y la efectividad de tratamientos.","breadcrumb":{"@id":"https:\/\/conexia.com\/blog\/como-equilibramos-la-vida-laboral-y-personal-de-nuestros-colaboradores\/#breadcrumb"},"inLanguage":"es-AR","potentialAction":[{"@type":"ReadAction","target":["https:\/\/conexia.com\/blog\/como-equilibramos-la-vida-laboral-y-personal-de-nuestros-colaboradores\/"]}]},{"@type":"BreadcrumbList","@id":"https:\/\/conexia.com\/blog\/como-equilibramos-la-vida-laboral-y-personal-de-nuestros-colaboradores\/#breadcrumb","itemListElement":[{"@type":"ListItem","position":1,"name":"Inicio","item":"https:\/\/conexia.com\/blog\/"},{"@type":"ListItem","position":2,"name":"\u00bfC\u00f3mo equilibramos la vida laboral y personal de nuestros colaboradores?"}]},{"@type":"WebSite","@id":"https:\/\/conexia.com\/blog\/#website","url":"https:\/\/conexia.com\/blog\/","name":"Conexia - Blog","description":"","publisher":{"@id":"https:\/\/conexia.com\/blog\/#organization"},"potentialAction":[{"@type":"SearchAction","target":{"@type":"EntryPoint","urlTemplate":"https:\/\/conexia.com\/blog\/?s={search_term_string}"},"query-input":"required name=search_term_string"}],"inLanguage":"es-AR"},{"@type":"Organization","@id":"https:\/\/conexia.com\/blog\/#organization","name":"Conexia - Blog","url":"https:\/\/conexia.com\/blog\/","logo":{"@type":"ImageObject","inLanguage":"es-AR","@id":"https:\/\/conexia.com\/blog\/#\/schema\/logo\/image\/","url":"https:\/\/conexia.com\/blog\/wp-content\/uploads\/2024\/03\/Sin-titulo-4-04.png","contentUrl":"https:\/\/conexia.com\/blog\/wp-content\/uploads\/2024\/03\/Sin-titulo-4-04.png","width":2001,"height":2001,"caption":"Conexia - Blog"},"image":{"@id":"https:\/\/conexia.com\/blog\/#\/schema\/logo\/image\/"},"sameAs":["https:\/\/www.facebook.com\/ConexiaOK","https:\/\/twitter.com\/conexia_ok","https:\/\/www.instagram.com\/conexiaok\/","https:\/\/www.youtube.com\/c\/ConexiaOK","https:\/\/www.linkedin.com\/company\/conexiaok\/"]},{"@type":"Person","@id":"https:\/\/conexia.com\/blog\/#\/schema\/person\/1654fe9dda4be71a3e38b265e6f8fbca","name":"Sol Morena","image":{"@type":"ImageObject","inLanguage":"es-AR","@id":"https:\/\/conexia.com\/blog\/#\/schema\/person\/image\/","url":"https:\/\/secure.gravatar.com\/avatar\/7e280e6321ee38f6e9449c73c9ea7c64cd5f510c1164ba065a8334d15d5c921b?s=96&d=mm&r=g","contentUrl":"https:\/\/secure.gravatar.com\/avatar\/7e280e6321ee38f6e9449c73c9ea7c64cd5f510c1164ba065a8334d15d5c921b?s=96&d=mm&r=g","caption":"Sol Morena"},"url":"https:\/\/conexia.com\/blog\/author\/smorena\/"}]}},"_links":{"self":[{"href":"https:\/\/conexia.com\/blog\/wp-json\/wp\/v2\/posts\/31847","targetHints":{"allow":["GET"]}}],"collection":[{"href":"https:\/\/conexia.com\/blog\/wp-json\/wp\/v2\/posts"}],"about":[{"href":"https:\/\/conexia.com\/blog\/wp-json\/wp\/v2\/types\/post"}],"author":[{"embeddable":true,"href":"https:\/\/conexia.com\/blog\/wp-json\/wp\/v2\/users\/2"}],"replies":[{"embeddable":true,"href":"https:\/\/conexia.com\/blog\/wp-json\/wp\/v2\/comments?post=31847"}],"version-history":[{"count":28,"href":"https:\/\/conexia.com\/blog\/wp-json\/wp\/v2\/posts\/31847\/revisions"}],"predecessor-version":[{"id":31889,"href":"https:\/\/conexia.com\/blog\/wp-json\/wp\/v2\/posts\/31847\/revisions\/31889"}],"wp:featuredmedia":[{"embeddable":true,"href":"https:\/\/conexia.com\/blog\/wp-json\/wp\/v2\/media\/31849"}],"wp:attachment":[{"href":"https:\/\/conexia.com\/blog\/wp-json\/wp\/v2\/media?parent=31847"}],"wp:term":[{"taxonomy":"category","embeddable":true,"href":"https:\/\/conexia.com\/blog\/wp-json\/wp\/v2\/categories?post=31847"},{"taxonomy":"post_tag","embeddable":true,"href":"https:\/\/conexia.com\/blog\/wp-json\/wp\/v2\/tags?post=31847"}],"curies":[{"name":"wp","href":"https:\/\/api.w.org\/{rel}","templated":true}]}}